{"id":4183,"date":"2026-04-21T17:11:53","date_gmt":"2026-04-21T15:11:53","guid":{"rendered":"https:\/\/www.curtdiclement.com\/?p=4183"},"modified":"2026-04-21T17:13:22","modified_gmt":"2026-04-21T15:13:22","slug":"valtellina-wine-taste-2-nachte-sommer-2026","status":"publish","type":"post","link":"https:\/\/www.curtdiclement.com\/de\/valtellina-wine-taste-2-nachte-sommer-2026\/","title":{"rendered":"Valtellina Wine Taste | 2 Nachte | Sommer 2026"},"content":{"rendered":"\t\t<div data-elementor-type=\"wp-post\" data-elementor-id=\"4183\" class=\"elementor elementor-4183 elementor-4174\">\n\t\t\t\t\t\t\t\t\t<section class=\"elementor-section elementor-top-section elementor-element elementor-element-a4ea4d1 elementor-section-boxed elementor-section-height-default elementor-section-height-default\" data-id=\"a4ea4d1\" data-element_type=\"section\">\n\t\t\t\t\t\t<div class=\"elementor-container elementor-column-gap-default\">\n\t\t\t\t\t<div class=\"elementor-column elementor-col-100 elementor-top-column elementor-element elementor-element-2e749c3\" data-id=\"2e749c3\" data-element_type=\"column\">\n\t\t\t<div class=\"elementor-widget-wrap elementor-element-populated\">\n\t\t\t\t\t\t\t\t<div class=\"elementor-element elementor-element-9f3adc0 elementor-widget elementor-widget-text-editor\" data-id=\"9f3adc0\" data-element_type=\"widget\" data-widget_type=\"text-editor.default\">\n\t\t\t\t<div class=\"elementor-widget-container\">\n\t\t\t\t\t\t\t<p>Entdecken Sie die authentische Seele des Veltlins mit einem Erlebnis, das Gastfreundschaft, Genuss und Tradition vereint: Valtellina Wine Taste ist eine sensorische Reise durch die gro\u00dfen Geschm\u00e4cker des Veltlins.<\/p><p>Im stimmungsvollen Ambiente unseres historischen Innenhofs aus dem 16. Jahrhundert erleben Sie eine intime und fesselnde Verkostung, begleitet von einem pers\u00f6nlichen Sommelier, der Geschichten, Kuriosit\u00e4ten und Besonderheiten des valtellinesischen Weinbauerbes mit Ihnen teilt.<\/p><p>Die Verkostung umfasst eine Auswahl erlesener Weine aus der Region (ROSSO DI VALTELLINA \u2013 Ca\u2019 Bianche | VALTELLINA SUPERIORE \u2013 Ca\u2019 Bianche | RISERVA \u2013 Triacca | SFORZATO \u2013 Carlo Negri), kombiniert mit einer Auswahl typischer lokaler Produkte (handwerklich hergestellte Bresaola, Salami, junge und gereifte K\u00e4sesorten aus der Molkerei, Roggenbrot und Crostini mit Pesteda).<\/p><p>Valtellina Wine Taste ist das perfekte Erlebnis f\u00fcr einen romantischen Kurzurlaub, ein Gourmet-Wochenende oder einfach eine Gelegenheit, das Veltlin auf traditionelle Weise zu erleben \u2013 durch seine Weine und seine charakteristischsten Aromen, eingebettet in die bezaubernde historische Kulisse der Curt di Clement im Herzen von Tirano.<\/p>\t\t\t\t\t\t<\/div>\n\t\t\t\t<\/div>\n\t\t\t\t\t<\/div>\n\t\t<\/div>\n\t\t\t\t\t\t\t<\/div>\n\t\t<\/section>\n\t\t\t\t<section class=\"elementor-section elementor-top-section elementor-element elementor-element-506a199 elementor-section-boxed elementor-section-height-default elementor-section-height-default\" data-id=\"506a199\" data-element_type=\"section\">\n\t\t\t\t\t\t<div class=\"elementor-container elementor-column-gap-wide\">\n\t\t\t\t\t<div class=\"elementor-column elementor-col-50 elementor-top-column elementor-element elementor-element-90b2bf5\" data-id=\"90b2bf5\" data-element_type=\"column\">\n\t\t\t<div class=\"elementor-widget-wrap elementor-element-populated\">\n\t\t\t\t\t\t\t\t<div class=\"elementor-element elementor-element-b69aa15 elementor-widget elementor-widget-text-editor\" data-id=\"b69aa15\" data-element_type=\"widget\" data-widget_type=\"text-editor.default\">\n\t\t\t\t<div class=\"elementor-widget-container\">\n\t\t\t\t\t\t\t<p>VALTELLINA WINE TASTE beinhaltet:<\/p>\t\t\t\t\t\t<\/div>\n\t\t\t\t<\/div>\n\t\t\t\t<div class=\"elementor-element elementor-element-7cf70f8 elementor-widget elementor-widget-text-editor\" data-id=\"7cf70f8\" data-element_type=\"widget\" data-widget_type=\"text-editor.default\">\n\t\t\t\t<div class=\"elementor-widget-container\">\n\t\t\t\t\t\t\t<ul><li>eine Verkostung f\u00fcr zwei Personen mit ausgew\u00e4hlten Weinen aus dem Veltlin, regionalen Spezialit\u00e4ten und einem pers\u00f6nlichen Sommelier, der Geschichten und Traditionen des valtellinesischen Weinbauerbes vermittelt;<\/li><li>einen Aufenthalt von mindestens 2 N\u00e4chten im Curt di Clement | Eco Mobility Hotel;<\/li><li>Valtellina Fr\u00fchst\u00fccksbuffet mit regionalen Produkten aus der Umgebung und typischen Spezialit\u00e4ten;<\/li><li>kostenlose Nutzung des Eco Bike Rooms des Hotels****.<\/li><\/ul>\t\t\t\t\t\t<\/div>\n\t\t\t\t<\/div>\n\t\t\t\t<div class=\"elementor-element elementor-element-218e0cb elementor-widget elementor-widget-text-editor\" data-id=\"218e0cb\" data-element_type=\"widget\" data-widget_type=\"text-editor.default\">\n\t\t\t\t<div class=\"elementor-widget-container\">\n\t\t\t\t\t\t\t\t\t\t\t\t\t<\/div>\n\t\t\t\t<\/div>\n\t\t\t\t<div class=\"elementor-element elementor-element-f43d5b7 elementor-widget elementor-widget-text-editor\" data-id=\"f43d5b7\" data-element_type=\"widget\" data-widget_type=\"text-editor.default\">\n\t\t\t\t<div class=\"elementor-widget-container\">\n\t\t\t\t\t\t\t\t\t\t\t\t\t<\/div>\n\t\t\t\t<\/div>\n\t\t\t\t<div class=\"elementor-element elementor-element-d185700 elementor-widget elementor-widget-spacer\" data-id=\"d185700\" data-element_type=\"widget\" data-widget_type=\"spacer.default\">\n\t\t\t\t<div class=\"elementor-widget-container\">\n\t\t\t\t\t<div class=\"elementor-spacer\">\n\t\t\t<div class=\"elementor-spacer-inner\"><\/div>\n\t\t<\/div>\n\t\t\t\t<\/div>\n\t\t\t\t<\/div>\n\t\t\t\t<div class=\"elementor-element elementor-element-24324ba elementor-widget elementor-widget-image\" data-id=\"24324ba\" data-element_type=\"widget\" data-widget_type=\"image.default\">\n\t\t\t\t<div class=\"elementor-widget-container\">\n\t\t\t\t\t\t\t\t\t\t\t\t\t\t\t<img fetchpriority=\"high\" decoding=\"async\" width=\"1024\" height=\"683\" src=\"https:\/\/www.curtdiclement.com\/wp-content\/uploads\/2026\/04\/Lungolivigno_LNG8908_Curt_pr-1024x683.jpg\" class=\"attachment-large size-large wp-image-4176\" alt=\"\" srcset=\"https:\/\/www.curtdiclement.com\/wp-content\/uploads\/2026\/04\/Lungolivigno_LNG8908_Curt_pr-1024x683.jpg 1024w, https:\/\/www.curtdiclement.com\/wp-content\/uploads\/2026\/04\/Lungolivigno_LNG8908_Curt_pr-300x200.jpg 300w, https:\/\/www.curtdiclement.com\/wp-content\/uploads\/2026\/04\/Lungolivigno_LNG8908_Curt_pr-768x512.jpg 768w, https:\/\/www.curtdiclement.com\/wp-content\/uploads\/2026\/04\/Lungolivigno_LNG8908_Curt_pr-1536x1025.jpg 1536w, https:\/\/www.curtdiclement.com\/wp-content\/uploads\/2026\/04\/Lungolivigno_LNG8908_Curt_pr-700x466.jpg 700w, https:\/\/www.curtdiclement.com\/wp-content\/uploads\/2026\/04\/Lungolivigno_LNG8908_Curt_pr-440x293.jpg 440w, https:\/\/www.curtdiclement.com\/wp-content\/uploads\/2026\/04\/Lungolivigno_LNG8908_Curt_pr-600x400.jpg 600w, https:\/\/www.curtdiclement.com\/wp-content\/uploads\/2026\/04\/Lungolivigno_LNG8908_Curt_pr.jpg 2000w\" sizes=\"(max-width: 1024px) 100vw, 1024px\" \/>\t\t\t\t\t\t\t\t\t\t\t\t\t\t\t<\/div>\n\t\t\t\t<\/div>\n\t\t\t\t\t<\/div>\n\t\t<\/div>\n\t\t\t\t<div class=\"elementor-column elementor-col-50 elementor-top-column elementor-element elementor-element-efe8d7b\" data-id=\"efe8d7b\" data-element_type=\"column\">\n\t\t\t<div class=\"elementor-widget-wrap elementor-element-populated\">\n\t\t\t\t\t\t\t\t<div class=\"elementor-element elementor-element-9dde5c5 elementor-widget elementor-widget-spacer\" data-id=\"9dde5c5\" data-element_type=\"widget\" data-widget_type=\"spacer.default\">\n\t\t\t\t<div class=\"elementor-widget-container\">\n\t\t\t\t\t<div class=\"elementor-spacer\">\n\t\t\t<div class=\"elementor-spacer-inner\"><\/div>\n\t\t<\/div>\n\t\t\t\t<\/div>\n\t\t\t\t<\/div>\n\t\t\t\t<div class=\"elementor-element elementor-element-4bab074 elementor-widget elementor-widget-image\" data-id=\"4bab074\" data-element_type=\"widget\" data-widget_type=\"image.default\">\n\t\t\t\t<div class=\"elementor-widget-container\">\n\t\t\t\t\t\t\t\t\t\t\t\t\t\t\t<img decoding=\"async\" width=\"440\" height=\"660\" src=\"https:\/\/www.curtdiclement.com\/wp-content\/uploads\/2026\/04\/Lungolivigno_LNG8949_Curt_pr-440x660.jpg\" class=\"attachment-hoteller-gallery-masonry size-hoteller-gallery-masonry wp-image-4179\" alt=\"\" srcset=\"https:\/\/www.curtdiclement.com\/wp-content\/uploads\/2026\/04\/Lungolivigno_LNG8949_Curt_pr-440x660.jpg 440w, https:\/\/www.curtdiclement.com\/wp-content\/uploads\/2026\/04\/Lungolivigno_LNG8949_Curt_pr-200x300.jpg 200w, https:\/\/www.curtdiclement.com\/wp-content\/uploads\/2026\/04\/Lungolivigno_LNG8949_Curt_pr-683x1024.jpg 683w, https:\/\/www.curtdiclement.com\/wp-content\/uploads\/2026\/04\/Lungolivigno_LNG8949_Curt_pr-768x1152.jpg 768w, https:\/\/www.curtdiclement.com\/wp-content\/uploads\/2026\/04\/Lungolivigno_LNG8949_Curt_pr-1024x1536.jpg 1024w, https:\/\/www.curtdiclement.com\/wp-content\/uploads\/2026\/04\/Lungolivigno_LNG8949_Curt_pr-400x600.jpg 400w, https:\/\/www.curtdiclement.com\/wp-content\/uploads\/2026\/04\/Lungolivigno_LNG8949_Curt_pr.jpg 1333w\" sizes=\"(max-width: 440px) 100vw, 440px\" \/>\t\t\t\t\t\t\t\t\t\t\t\t\t\t\t<\/div>\n\t\t\t\t<\/div>\n\t\t\t\t\t<\/div>\n\t\t<\/div>\n\t\t\t\t\t\t\t<\/div>\n\t\t<\/section>\n\t\t\t\t<section class=\"elementor-section elementor-top-section elementor-element elementor-element-18b5c18 elementor-section-boxed elementor-section-height-default elementor-section-height-default\" data-id=\"18b5c18\" data-element_type=\"section\">\n\t\t\t\t\t\t<div class=\"elementor-container elementor-column-gap-default\">\n\t\t\t\t\t<div class=\"elementor-column elementor-col-100 elementor-top-column elementor-element elementor-element-c1f05dc\" data-id=\"c1f05dc\" data-element_type=\"column\">\n\t\t\t<div class=\"elementor-widget-wrap elementor-element-populated\">\n\t\t\t\t\t\t\t\t<div class=\"elementor-element elementor-element-79da375 elementor-widget elementor-widget-spacer\" data-id=\"79da375\" data-element_type=\"widget\" data-widget_type=\"spacer.default\">\n\t\t\t\t<div class=\"elementor-widget-container\">\n\t\t\t\t\t<div class=\"elementor-spacer\">\n\t\t\t<div class=\"elementor-spacer-inner\"><\/div>\n\t\t<\/div>\n\t\t\t\t<\/div>\n\t\t\t\t<\/div>\n\t\t\t\t\t<\/div>\n\t\t<\/div>\n\t\t\t\t\t\t\t<\/div>\n\t\t<\/section>\n\t\t\t\t<section class=\"elementor-section elementor-top-section elementor-element elementor-element-c7abc81 elementor-section-boxed elementor-section-height-default elementor-section-height-default\" data-id=\"c7abc81\" data-element_type=\"section\">\n\t\t\t\t\t\t<div class=\"elementor-container elementor-column-gap-default\">\n\t\t\t\t\t<div class=\"elementor-column elementor-col-50 elementor-top-column elementor-element elementor-element-ae6dd07\" data-id=\"ae6dd07\" data-element_type=\"column\">\n\t\t\t<div class=\"elementor-widget-wrap elementor-element-populated\">\n\t\t\t\t\t\t\t\t<div class=\"elementor-element elementor-element-e169614 elementor-align-right popmake-richiesta-prenotazione elementor-widget elementor-widget-button\" data-id=\"e169614\" data-element_type=\"widget\" data-widget_type=\"button.default\">\n\t\t\t\t<div class=\"elementor-widget-container\">\n\t\t\t\t\t<div class=\"elementor-button-wrapper\">\n\t\t\t<a class=\"elementor-button elementor-button-link elementor-size-sm\" href=\"https:\/\/www.curtdiclement.com\/richieste\/\" target=\"_blank\">\n\t\t\t\t\t\t<span class=\"elementor-button-content-wrapper\">\n\t\t\t\t\t\t<span class=\"elementor-button-text\">RICHIEDI ORA<\/span>\n\t\t<\/span>\n\t\t\t\t\t<\/a>\n\t\t<\/div>\n\t\t\t\t<\/div>\n\t\t\t\t<\/div>\n\t\t\t\t\t<\/div>\n\t\t<\/div>\n\t\t\t\t<div class=\"elementor-column elementor-col-50 elementor-top-column elementor-element elementor-element-513d9a4\" data-id=\"513d9a4\" data-element_type=\"column\">\n\t\t\t<div class=\"elementor-widget-wrap elementor-element-populated\">\n\t\t\t\t\t\t\t\t<div class=\"elementor-element elementor-element-4f36a33 elementor-align-left elementor-widget elementor-widget-button\" data-id=\"4f36a33\" data-element_type=\"widget\" data-widget_type=\"button.default\">\n\t\t\t\t<div class=\"elementor-widget-container\">\n\t\t\t\t\t<div class=\"elementor-button-wrapper\">\n\t\t\t<a class=\"elementor-button elementor-button-link elementor-size-sm\" href=\"https:\/\/curtdiclement.verticalbooking.com\/premium\/index.html?id_albergo=22681&#038;dc=1984&#038;lingua_int=deu&#038;id_stile=17030\">\n\t\t\t\t\t\t<span class=\"elementor-button-content-wrapper\">\n\t\t\t\t\t\t<span class=\"elementor-button-text\">BOOK NOW<\/span>\n\t\t<\/span>\n\t\t\t\t\t<\/a>\n\t\t<\/div>\n\t\t\t\t<\/div>\n\t\t\t\t<\/div>\n\t\t\t\t\t<\/div>\n\t\t<\/div>\n\t\t\t\t\t\t\t<\/div>\n\t\t<\/section>\n\t\t\t\t\t\t\t<\/div>\n\t\t","protected":false},"excerpt":{"rendered":"<p>Entdecken Sie die authentische Seele des Veltlins mit einem Erlebnis, das Gastfreundschaft, Genuss und Tradition vereint: Valtellina Wine Taste ist eine sensorische Reise durch die gro\u00dfen Geschm\u00e4cker des Veltlins. Im stimmungsvollen Ambiente unseres historischen Innenhofs aus dem 16. Jahrhundert erleben [&hellip;]<\/p>\n","protected":false},"author":3,"featured_media":4159,"comment_status":"closed","ping_status":"open","sticky":false,"template":"","format":"standard","meta":{"two_page_speed":[],"footnotes":""},"categories":[18],"tags":[],"class_list":["post-4183","post","type-post","status-publish","format-standard","has-post-thumbnail","hentry","category-on-foot"],"yoast_head":"<!-- This site is optimized with the Yoast SEO plugin v21.8 - https:\/\/yoast.com\/wordpress\/plugins\/seo\/ -->\n<title>Valtellina Wine Taste | 2 Nachte | Sommer 2026 - Curt Di Clement<\/title>\n<meta name=\"robots\" content=\"index, follow, max-snippet:-1, max-image-preview:large, max-video-preview:-1\" \/>\n<link rel=\"canonical\" href=\"https:\/\/www.curtdiclement.com\/de\/valtellina-wine-taste-2-nachte-sommer-2026\/\" \/>\n<meta property=\"og:locale\" content=\"de_DE\" \/>\n<meta property=\"og:type\" content=\"article\" \/>\n<meta property=\"og:title\" content=\"Valtellina Wine Taste | 2 Nachte | Sommer 2026 - Curt Di Clement\" \/>\n<meta property=\"og:description\" content=\"Entdecken Sie die authentische Seele des Veltlins mit einem Erlebnis, das Gastfreundschaft, Genuss und Tradition vereint: Valtellina Wine Taste ist eine sensorische Reise durch die gro\u00dfen Geschm\u00e4cker des Veltlins. Im stimmungsvollen Ambiente unseres historischen Innenhofs aus dem 16. Jahrhundert erleben [&hellip;]\" \/>\n<meta property=\"og:url\" content=\"https:\/\/www.curtdiclement.com\/de\/valtellina-wine-taste-2-nachte-sommer-2026\/\" \/>\n<meta property=\"og:site_name\" content=\"Curt Di Clement\" \/>\n<meta property=\"article:published_time\" content=\"2026-04-21T15:11:53+00:00\" \/>\n<meta property=\"article:modified_time\" content=\"2026-04-21T15:13:22+00:00\" \/>\n<meta property=\"og:image\" content=\"https:\/\/www.curtdiclement.com\/wp-content\/uploads\/2026\/03\/Lungolivigno_LNG8953_Curt_pr.jpg\" \/>\n\t<meta property=\"og:image:width\" content=\"2000\" \/>\n\t<meta property=\"og:image:height\" content=\"1334\" \/>\n\t<meta property=\"og:image:type\" content=\"image\/jpeg\" \/>\n<meta name=\"author\" content=\"Gionata Girgi\" \/>\n<meta name=\"twitter:card\" content=\"summary_large_image\" \/>\n<meta name=\"twitter:label1\" content=\"Verfasst von\" \/>\n\t<meta name=\"twitter:data1\" content=\"Gionata Girgi\" \/>\n\t<meta name=\"twitter:label2\" content=\"Gesch\u00e4tzte Lesezeit\" \/>\n\t<meta name=\"twitter:data2\" content=\"2 Minuten\" \/>\n<script type=\"application\/ld+json\" class=\"yoast-schema-graph\">{\"@context\":\"https:\/\/schema.org\",\"@graph\":[{\"@type\":\"WebPage\",\"@id\":\"https:\/\/www.curtdiclement.com\/de\/valtellina-wine-taste-2-nachte-sommer-2026\/\",\"url\":\"https:\/\/www.curtdiclement.com\/de\/valtellina-wine-taste-2-nachte-sommer-2026\/\",\"name\":\"Valtellina Wine Taste | 2 Nachte | Sommer 2026 - Curt Di Clement\",\"isPartOf\":{\"@id\":\"https:\/\/www.curtdiclement.com\/de\/#website\"},\"datePublished\":\"2026-04-21T15:11:53+00:00\",\"dateModified\":\"2026-04-21T15:13:22+00:00\",\"author\":{\"@id\":\"https:\/\/www.curtdiclement.com\/de\/#\/schema\/person\/abcf84c1a189af8d4f576570c4453aea\"},\"breadcrumb\":{\"@id\":\"https:\/\/www.curtdiclement.com\/de\/valtellina-wine-taste-2-nachte-sommer-2026\/#breadcrumb\"},\"inLanguage\":\"de-DE\",\"potentialAction\":[{\"@type\":\"ReadAction\",\"target\":[\"https:\/\/www.curtdiclement.com\/de\/valtellina-wine-taste-2-nachte-sommer-2026\/\"]}]},{\"@type\":\"BreadcrumbList\",\"@id\":\"https:\/\/www.curtdiclement.com\/de\/valtellina-wine-taste-2-nachte-sommer-2026\/#breadcrumb\",\"itemListElement\":[{\"@type\":\"ListItem\",\"position\":1,\"name\":\"Home\",\"item\":\"https:\/\/www.curtdiclement.com\/de\/\"},{\"@type\":\"ListItem\",\"position\":2,\"name\":\"Valtellina Wine Taste | 2 Nachte | Sommer 2026\"}]},{\"@type\":\"WebSite\",\"@id\":\"https:\/\/www.curtdiclement.com\/de\/#website\",\"url\":\"https:\/\/www.curtdiclement.com\/de\/\",\"name\":\"Curt Di Clement\",\"description\":\"Hotel\",\"potentialAction\":[{\"@type\":\"SearchAction\",\"target\":{\"@type\":\"EntryPoint\",\"urlTemplate\":\"https:\/\/www.curtdiclement.com\/de\/?s={search_term_string}\"},\"query-input\":\"required name=search_term_string\"}],\"inLanguage\":\"de-DE\"},{\"@type\":\"Person\",\"@id\":\"https:\/\/www.curtdiclement.com\/de\/#\/schema\/person\/abcf84c1a189af8d4f576570c4453aea\",\"name\":\"Gionata Girgi\",\"image\":{\"@type\":\"ImageObject\",\"inLanguage\":\"de-DE\",\"@id\":\"https:\/\/www.curtdiclement.com\/de\/#\/schema\/person\/image\/\",\"url\":\"https:\/\/secure.gravatar.com\/avatar\/c444d71cfb8ba3120883f8242923185eba8b0b0aca854dacb64f76ad35b016c8?s=96&d=mm&r=g\",\"contentUrl\":\"https:\/\/secure.gravatar.com\/avatar\/c444d71cfb8ba3120883f8242923185eba8b0b0aca854dacb64f76ad35b016c8?s=96&d=mm&r=g\",\"caption\":\"Gionata Girgi\"},\"url\":\"https:\/\/www.curtdiclement.com\/de\/author\/gionata\/\"}]}<\/script>\n<!-- \/ Yoast SEO plugin. -->","yoast_head_json":{"title":"Valtellina Wine Taste | 2 Nachte | Sommer 2026 - Curt Di Clement","robots":{"index":"index","follow":"follow","max-snippet":"max-snippet:-1","max-image-preview":"max-image-preview:large","max-video-preview":"max-video-preview:-1"},"canonical":"https:\/\/www.curtdiclement.com\/de\/valtellina-wine-taste-2-nachte-sommer-2026\/","og_locale":"de_DE","og_type":"article","og_title":"Valtellina Wine Taste | 2 Nachte | Sommer 2026 - Curt Di Clement","og_description":"Entdecken Sie die authentische Seele des Veltlins mit einem Erlebnis, das Gastfreundschaft, Genuss und Tradition vereint: Valtellina Wine Taste ist eine sensorische Reise durch die gro\u00dfen Geschm\u00e4cker des Veltlins. Im stimmungsvollen Ambiente unseres historischen Innenhofs aus dem 16. Jahrhundert erleben [&hellip;]","og_url":"https:\/\/www.curtdiclement.com\/de\/valtellina-wine-taste-2-nachte-sommer-2026\/","og_site_name":"Curt Di Clement","article_published_time":"2026-04-21T15:11:53+00:00","article_modified_time":"2026-04-21T15:13:22+00:00","og_image":[{"width":2000,"height":1334,"url":"https:\/\/www.curtdiclement.com\/wp-content\/uploads\/2026\/03\/Lungolivigno_LNG8953_Curt_pr.jpg","type":"image\/jpeg"}],"author":"Gionata Girgi","twitter_card":"summary_large_image","twitter_misc":{"Verfasst von":"Gionata Girgi","Gesch\u00e4tzte Lesezeit":"2 Minuten"},"schema":{"@context":"https:\/\/schema.org","@graph":[{"@type":"WebPage","@id":"https:\/\/www.curtdiclement.com\/de\/valtellina-wine-taste-2-nachte-sommer-2026\/","url":"https:\/\/www.curtdiclement.com\/de\/valtellina-wine-taste-2-nachte-sommer-2026\/","name":"Valtellina Wine Taste | 2 Nachte | Sommer 2026 - Curt Di Clement","isPartOf":{"@id":"https:\/\/www.curtdiclement.com\/de\/#website"},"datePublished":"2026-04-21T15:11:53+00:00","dateModified":"2026-04-21T15:13:22+00:00","author":{"@id":"https:\/\/www.curtdiclement.com\/de\/#\/schema\/person\/abcf84c1a189af8d4f576570c4453aea"},"breadcrumb":{"@id":"https:\/\/www.curtdiclement.com\/de\/valtellina-wine-taste-2-nachte-sommer-2026\/#breadcrumb"},"inLanguage":"de-DE","potentialAction":[{"@type":"ReadAction","target":["https:\/\/www.curtdiclement.com\/de\/valtellina-wine-taste-2-nachte-sommer-2026\/"]}]},{"@type":"BreadcrumbList","@id":"https:\/\/www.curtdiclement.com\/de\/valtellina-wine-taste-2-nachte-sommer-2026\/#breadcrumb","itemListElement":[{"@type":"ListItem","position":1,"name":"Home","item":"https:\/\/www.curtdiclement.com\/de\/"},{"@type":"ListItem","position":2,"name":"Valtellina Wine Taste | 2 Nachte | Sommer 2026"}]},{"@type":"WebSite","@id":"https:\/\/www.curtdiclement.com\/de\/#website","url":"https:\/\/www.curtdiclement.com\/de\/","name":"Curt Di Clement","description":"Hotel","potentialAction":[{"@type":"SearchAction","target":{"@type":"EntryPoint","urlTemplate":"https:\/\/www.curtdiclement.com\/de\/?s={search_term_string}"},"query-input":"required name=search_term_string"}],"inLanguage":"de-DE"},{"@type":"Person","@id":"https:\/\/www.curtdiclement.com\/de\/#\/schema\/person\/abcf84c1a189af8d4f576570c4453aea","name":"Gionata Girgi","image":{"@type":"ImageObject","inLanguage":"de-DE","@id":"https:\/\/www.curtdiclement.com\/de\/#\/schema\/person\/image\/","url":"https:\/\/secure.gravatar.com\/avatar\/c444d71cfb8ba3120883f8242923185eba8b0b0aca854dacb64f76ad35b016c8?s=96&d=mm&r=g","contentUrl":"https:\/\/secure.gravatar.com\/avatar\/c444d71cfb8ba3120883f8242923185eba8b0b0aca854dacb64f76ad35b016c8?s=96&d=mm&r=g","caption":"Gionata Girgi"},"url":"https:\/\/www.curtdiclement.com\/de\/author\/gionata\/"}]}},"_links":{"self":[{"href":"https:\/\/www.curtdiclement.com\/de\/wp-json\/wp\/v2\/posts\/4183","targetHints":{"allow":["GET"]}}],"collection":[{"href":"https:\/\/www.curtdiclement.com\/de\/wp-json\/wp\/v2\/posts"}],"about":[{"href":"https:\/\/www.curtdiclement.com\/de\/wp-json\/wp\/v2\/types\/post"}],"author":[{"embeddable":true,"href":"https:\/\/www.curtdiclement.com\/de\/wp-json\/wp\/v2\/users\/3"}],"replies":[{"embeddable":true,"href":"https:\/\/www.curtdiclement.com\/de\/wp-json\/wp\/v2\/comments?post=4183"}],"version-history":[{"count":0,"href":"https:\/\/www.curtdiclement.com\/de\/wp-json\/wp\/v2\/posts\/4183\/revisions"}],"wp:featuredmedia":[{"embeddable":true,"href":"https:\/\/www.curtdiclement.com\/de\/wp-json\/wp\/v2\/media\/4159"}],"wp:attachment":[{"href":"https:\/\/www.curtdiclement.com\/de\/wp-json\/wp\/v2\/media?parent=4183"}],"wp:term":[{"taxonomy":"category","embeddable":true,"href":"https:\/\/www.curtdiclement.com\/de\/wp-json\/wp\/v2\/categories?post=4183"},{"taxonomy":"post_tag","embeddable":true,"href":"https:\/\/www.curtdiclement.com\/de\/wp-json\/wp\/v2\/tags?post=4183"}],"curies":[{"name":"wp","href":"https:\/\/api.w.org\/{rel}","templated":true}]}}